{"id":27082,"date":"2024-10-16T11:36:07","date_gmt":"2024-10-16T09:36:07","guid":{"rendered":"https:\/\/gervi.be\/blog\/stocksale-a-anvers-decouvrez-le-luxe-la-detente-et-les-bienfaits-pour-la-sante\/"},"modified":"2024-10-16T18:16:12","modified_gmt":"2024-10-16T16:16:12","slug":"stocksale-a-anvers-decouvrez-le-luxe-la-detente-et-les-bienfaits-pour-la-sante","status":"publish","type":"post","link":"https:\/\/gervi.be\/fr\/blog\/stocksale-a-anvers-decouvrez-le-luxe-la-detente-et-les-bienfaits-pour-la-sante\/","title":{"rendered":"Stocksale \u00e0 Anvers : d\u00e9couvrez le luxe, la d\u00e9tente et les bienfaits pour la sant\u00e9"},"content":{"rendered":"\t\t<div data-elementor-type=\"wp-post\" data-elementor-id=\"27082\" class=\"elementor elementor-27082 elementor-27063\" data-elementor-post-type=\"post\">\n\t\t\t\t<div class=\"elementor-element elementor-element-8164750 e-flex e-con-boxed e-con e-parent\" data-id=\"8164750\" data-element_type=\"container\" data-e-type=\"container\">\n\t\t\t\t\t<div class=\"e-con-inner\">\n\t\t\t\t<div class=\"elementor-element elementor-element-2986bbe elementor-widget-divider--view-line elementor-widget elementor-widget-divider\" data-id=\"2986bbe\" data-element_type=\"widget\" data-e-type=\"widget\" data-widget_type=\"divider.default\">\n\t\t\t\t\t\t\t<div class=\"elementor-divider\">\n\t\t\t<span class=\"elementor-divider-separator\">\n\t\t\t\t\t\t<\/span>\n\t\t<\/div>\n\t\t\t\t\t\t<\/div>\n\t\t\t\t<div class=\"elementor-element elementor-element-04cdb85 elementor-widget elementor-widget-text-editor\" data-id=\"04cdb85\" data-element_type=\"widget\" data-e-type=\"widget\" data-widget_type=\"text-editor.default\">\n\t\t\t\t\t\t\t\t\t<h2 class=\"Almarena\">Vivre votre r\u00eave de bien-\u00eatre cet automne ?<\/p>\n<\/h2>\n<p class=\"Indivisible\">Les <strong>8, 9, 10 et 11 novembre<\/strong>, vous aurez l&#8217;occasion de d\u00e9couvrir ces solutions de bien-\u00eatre par vous-m\u00eame et de les emporter chez vous. Les 8 et 9 novembre, Gervi Wijnegem sera ouvert de 10 \u00e0 18 heures, et les 10 et 11 novembre de 13 \u00e0 18 heures. C&#8217;est le moment d&#8217;investir dans votre espace bien-\u00eatre avec des offres \u00e0 ne pas manquer.  <\/p>\n\t\t\t\t\t\t\t\t<\/div>\n\t\t\t\t<div class=\"elementor-element elementor-element-6447a69 elementor-widget elementor-widget-image\" data-id=\"6447a69\" data-element_type=\"widget\" data-e-type=\"widget\" data-widget_type=\"image.default\">\n\t\t\t\t\t\t\t\t\t\t\t\t\t\t\t<img fetchpriority=\"high\" decoding=\"async\" width=\"1024\" height=\"576\" src=\"https:\/\/gervi.be\/wp-content\/uploads\/2024\/10\/Gervi-Stocksale-Antwerpen-2024-deal-1024x576.jpg\" class=\"attachment-large size-large wp-image-27181\" alt=\"a hot tub in a room\" srcset=\"https:\/\/gervi.be\/wp-content\/uploads\/2024\/10\/Gervi-Stocksale-Antwerpen-2024-deal-1024x576.jpg 1024w, https:\/\/gervi.be\/wp-content\/uploads\/2024\/10\/Gervi-Stocksale-Antwerpen-2024-deal-300x169.jpg 300w, https:\/\/gervi.be\/wp-content\/uploads\/2024\/10\/Gervi-Stocksale-Antwerpen-2024-deal-768x432.jpg 768w, https:\/\/gervi.be\/wp-content\/uploads\/2024\/10\/Gervi-Stocksale-Antwerpen-2024-deal-1536x864.jpg 1536w, https:\/\/gervi.be\/wp-content\/uploads\/2024\/10\/Gervi-Stocksale-Antwerpen-2024-deal.jpg 1920w\" sizes=\"(max-width: 1024px) 100vw, 1024px\" title=\"\">\t\t\t\t\t\t\t\t\t\t\t\t\t\t\t<\/div>\n\t\t\t\t\t<\/div>\n\t\t\t\t<\/div>\n\t\t\t\t<section class=\"elementor-section elementor-top-section elementor-element elementor-element-4dde0cdc elementor-section-boxed elementor-section-height-default elementor-section-height-default\" data-id=\"4dde0cdc\" data-element_type=\"section\" data-e-type=\"section\">\n\t\t\t\t\t\t<div class=\"elementor-container elementor-column-gap-default\">\n\t\t\t\t\t<div class=\"elementor-column elementor-col-100 elementor-top-column elementor-element elementor-element-1dd569e0\" data-id=\"1dd569e0\" data-element_type=\"column\" data-e-type=\"column\">\n\t\t\t<div class=\"elementor-widget-wrap elementor-element-populated\">\n\t\t\t\t\t\t<div class=\"elementor-element elementor-element-7bf68ff elementor-widget-laptop__width-initial elementor-widget elementor-widget-text-editor\" data-id=\"7bf68ff\" data-element_type=\"widget\" data-e-type=\"widget\" data-widget_type=\"text-editor.default\">\n\t\t\t\t\t\t\t\t\t<div class=\"elementor-element elementor-element-8cbeacc main-titel elementor-widget elementor-widget-heading\" data-id=\"8cbeacc\" data-element_type=\"widget\" data-widget_type=\"heading.default\">\n<div class=\"elementor-widget-container\">\n<h2 class=\"Almarena\">Le bien-\u00eatre \u00e0 la maison : cr\u00e9ez votre espace de d\u00e9tente id\u00e9al<\/h2>\n<\/p>\n<p class=\"Indivisible\">Lors de la vente de stock \u00e0 Anvers, vous pourrez d\u00e9couvrir un large \u00e9ventail de solutions de bien-\u00eatre. <strong>Que vous r\u00eaviez d&#8217;un spa relaxant dans votre jardin, d&#8217;un sauna ou d&#8217;une cabine infrarouge pour vous d\u00e9tendre \u00e0 la maison, ou d&#8217;un spa de nage pour les loisirs et le fitness,<\/strong> nous avons la solution parfaite pour vous. Ces produits n&#8217;offrent pas seulement confort et luxe, mais contribuent \u00e9galement \u00e0 votre bien-\u00eatre et \u00e0 votre sant\u00e9. <\/p>\n<p class=\"Indivisible\">Les <strong>spas<\/strong> sont con\u00e7us pour d\u00e9tendre votre corps et votre esprit. Ils soulagent le stress, favorisent la circulation et aident \u00e0 la r\u00e9cup\u00e9ration musculaire. L&#8217;eau chaude et les jets massants cr\u00e9ent un profond sentiment de d\u00e9tente, id\u00e9al pour ceux qui souhaitent s&#8217;\u00e9vader apr\u00e8s une journ\u00e9e bien remplie. En outre, les spas peuvent \u00eatre utilis\u00e9s tout au long de l&#8217;ann\u00e9e, ce qui vous permet de profiter d&#8217;une agr\u00e9able exp\u00e9rience de bien-\u00eatre chauff\u00e9 dans votre jardin, m\u00eame pendant les jours les plus froids.   <\/p>\n<p class=\"Indivisible\">Les <strong>saunas et les cabines infrarouges<\/strong> contribuent \u00e0 la d\u00e9sintoxication du corps, \u00e0 l&#8217;am\u00e9lioration de la circulation et peuvent aider \u00e0 soulager les douleurs musculaires et contribuer \u00e0 une r\u00e9cup\u00e9ration plus rapide apr\u00e8s un effort physique. Pour les personnes souffrant de douleurs musculaires ou articulaires, c&#8217;est le moyen id\u00e9al de soulagement et de relaxation. Un sauna ou une cabine infrarouge \u00e0 la maison est l&#8217;endroit id\u00e9al pour se d\u00e9tendre mentalement et physiquement. Que vous choisissiez la chaleur intense d&#8217;un sauna traditionnel ou les rayons infrarouges profonds, les deux offrent une exp\u00e9rience de bien-\u00eatre unique qui favorise votre sant\u00e9.   <\/p>\n<p class=\"Indivisible\">Les <strong>spas de nage<\/strong> sont parfaits pour ceux qui recherchent une solution compacte pour le fitness et la relaxation. Des jets puissants vous permettent de nager \u00e0 contre-courant, ce qui est id\u00e9al pour un entra\u00eenement vigoureux. Apr\u00e8s avoir nag\u00e9, vous pouvez vous d\u00e9tendre dans l&#8217;eau chauff\u00e9e et profiter du confort d&#8217;un spa. Le spa de nage est donc un compl\u00e9ment id\u00e9al \u00e0 tout jardin, tant pour les activit\u00e9s sportives que pour la d\u00e9tente.   <\/p>\n<\/div>\n<\/div>\n\t\t\t\t\t\t\t\t<\/div>\n\t\t\t\t\t<\/div>\n\t\t<\/div>\n\t\t\t\t\t<\/div>\n\t\t<\/section>\n\t\t<div class=\"elementor-element elementor-element-7a75cbc e-flex e-con-boxed e-con e-parent\" data-id=\"7a75cbc\" data-element_type=\"container\" data-e-type=\"container\">\n\t\t\t\t\t<div class=\"e-con-inner\">\n\t\t\t\t<div class=\"elementor-element elementor-element-7cbc8b6 elementor-widget-divider--view-line elementor-widget elementor-widget-divider\" data-id=\"7cbc8b6\" data-element_type=\"widget\" data-e-type=\"widget\" data-widget_type=\"divider.default\">\n\t\t\t\t\t\t\t<div class=\"elementor-divider\">\n\t\t\t<span class=\"elementor-divider-separator\">\n\t\t\t\t\t\t<\/span>\n\t\t<\/div>\n\t\t\t\t\t\t<\/div>\n\t\t\t\t<div class=\"elementor-element elementor-element-e4cf517 elementor-widget elementor-widget-image\" data-id=\"e4cf517\" data-element_type=\"widget\" data-e-type=\"widget\" data-widget_type=\"image.default\">\n\t\t\t\t\t\t\t\t\t\t\t\t\t\t\t<img decoding=\"async\" width=\"1024\" height=\"576\" src=\"https:\/\/gervi.be\/wp-content\/uploads\/2024\/10\/Gervi-Stocksale-Antwerpen-2024-spa-1024x576.jpg\" class=\"attachment-large size-large wp-image-27086\" alt=\"Gervi-Stocksale-Antwerpen-2024-spa\" srcset=\"https:\/\/gervi.be\/wp-content\/uploads\/2024\/10\/Gervi-Stocksale-Antwerpen-2024-spa-1024x576.jpg 1024w, https:\/\/gervi.be\/wp-content\/uploads\/2024\/10\/Gervi-Stocksale-Antwerpen-2024-spa-300x169.jpg 300w, https:\/\/gervi.be\/wp-content\/uploads\/2024\/10\/Gervi-Stocksale-Antwerpen-2024-spa-768x432.jpg 768w, https:\/\/gervi.be\/wp-content\/uploads\/2024\/10\/Gervi-Stocksale-Antwerpen-2024-spa-1536x864.jpg 1536w, https:\/\/gervi.be\/wp-content\/uploads\/2024\/10\/Gervi-Stocksale-Antwerpen-2024-spa.jpg 1920w\" sizes=\"(max-width: 1024px) 100vw, 1024px\" title=\"\">\t\t\t\t\t\t\t\t\t\t\t\t\t\t\t<\/div>\n\t\t\t\t<div class=\"elementor-element elementor-element-79a6335 elementor-widget-divider--view-line elementor-widget elementor-widget-divider\" data-id=\"79a6335\" data-element_type=\"widget\" data-e-type=\"widget\" data-widget_type=\"divider.default\">\n\t\t\t\t\t\t\t<div class=\"elementor-divider\">\n\t\t\t<span class=\"elementor-divider-separator\">\n\t\t\t\t\t\t<\/span>\n\t\t<\/div>\n\t\t\t\t\t\t<\/div>\n\t\t\t\t\t<\/div>\n\t\t\t\t<\/div>\n\t\t<div class=\"elementor-element elementor-element-8227e75 e-flex e-con-boxed e-con e-parent\" data-id=\"8227e75\" data-element_type=\"container\" data-e-type=\"container\">\n\t\t\t\t\t<div class=\"e-con-inner\">\n\t\t\t\t<div class=\"elementor-element elementor-element-327b1c6 elementor-widget elementor-widget-text-editor\" data-id=\"327b1c6\" data-element_type=\"widget\" data-e-type=\"widget\" data-widget_type=\"text-editor.default\">\n\t\t\t\t\t\t\t\t\t<h2 class=\"Almarena\">Conseils personnalis\u00e9s : ensemble, nous cr\u00e9ons votre espace de bien-\u00eatre id\u00e9al<\/h2>\n<\/p>\n<p class=\"Indivisible\">Chez Gervi, nous savons que le choix d&#8217;un spa, d&#8217;un sauna, d&#8217;une cabine infrarouge ou d&#8217;un spa de nage ne se r\u00e9sume pas \u00e0 l&#8217;achat d&#8217;un produit, mais qu&#8217;il s <strong>&#8216;agit d&#8217;int\u00e9grer le bien-\u00eatre dans votre vie quotidienne<\/strong> en fonction de vos besoins et de votre mode de vie. C&#8217;est pourquoi nos experts sont pr\u00eats non seulement \u00e0 vous aider \u00e0 choisir la bonne solution, mais aussi \u00e0 vous guider tout au long du processus, du d\u00e9but \u00e0 la fin. <\/p>\n<p class=\"Indivisible\">Que vous cherchiez \u00e0 <strong>soulager des probl\u00e8mes de sant\u00e9<\/strong> sp\u00e9cifiques <strong>,<\/strong> tels que des douleurs musculaires ou articulaires, ou que vous souhaitiez simplement cr\u00e9er un espace de d\u00e9tente pour toute la famille, nous vous proposons des conseils personnalis\u00e9s adapt\u00e9s \u00e0 vos besoins. Nos conseillers exp\u00e9riment\u00e9s seront \u00e0 l&#8217;\u00e9coute de vos besoins et travailleront avec vous pour trouver la meilleure <strong>solution de bien-\u00eatre qui correspondra parfaitement \u00e0 votre style de vie et \u00e0 vos attentes.<\/strong> <\/p>\n<p class=\"Indivisible\">En outre, nous vous accompagnons \u00e9galement dans la <strong> phase de (re)construction de votre maison ou de votre jardin.<\/strong> Nous cherchons avec vous le meilleur emplacement pour votre solution de bien-\u00eatre, afin qu&#8217;elle s&#8217;int\u00e8gre parfaitement dans votre espace. Nous vous conseillons sur les <strong>exigences techniques,<\/strong> telles que les raccordements n\u00e9cessaires \u00e0 l&#8217;eau et \u00e0 l&#8217;\u00e9lectricit\u00e9, et veillons \u00e0 ce que tout soit plac\u00e9 de mani\u00e8re optimale pour un maximum de confort et de facilit\u00e9 d&#8217;utilisation. Que vous souhaitiez un sauna compact dans votre salle de bains ou un spa de nage dans votre jardin, nous veillons \u00e0 ce que l&#8217;installation soit transparente et s&#8217;inscrive dans vos plans de (re)construction.  <\/p>\n<p class=\"Indivisible\">Notre objectif est de vous d\u00e9charger et de faire en sorte que vous trouviez la solution de bien-\u00eatre id\u00e9ale pour votre maison, mais aussi pour votre vie. Venez nous voir dans notre magasin \u00e0 Anvers, discutez de vos projets et faites-vous conseiller par nos sp\u00e9cialistes qui sont pr\u00eats \u00e0 faire de votre r\u00eave de bien-\u00eatre une r\u00e9alit\u00e9. <\/p>\n\t\t\t\t\t\t\t\t<\/div>\n\t\t\t\t\t<\/div>\n\t\t\t\t<\/div>\n\t\t\t\t<\/div>\n\t\t","protected":false},"excerpt":{"rendered":"<p>Vivre votre r\u00eave de bien-\u00eatre cet automne ? Les 8, 9, 10 et 11 novembre, vous aurez l&#8217;occasion de d\u00e9couvrir ces solutions de bien-\u00eatre par vous-m\u00eame et de les emporter chez vous. Les 8 et 9 novembre, Gervi Wijnegem sera ouvert de 10 \u00e0 18 heures, et les 10 et 11 novembre de 13 \u00e0 [&hellip;]<\/p>\n","protected":false},"author":101,"featured_media":27080,"comment_status":"closed","ping_status":"closed","sticky":false,"template":"","format":"standard","meta":{"_acf_changed":false,"_uag_custom_page_level_css":"","site-sidebar-layout":"default","site-content-layout":"","ast-site-content-layout":"default","site-content-style":"default","site-sidebar-style":"default","ast-global-header-display":"","ast-banner-title-visibility":"","ast-main-header-display":"","ast-hfb-above-header-display":"","ast-hfb-below-header-display":"","ast-hfb-mobile-header-display":"","site-post-title":"","ast-breadcrumbs-content":"","ast-featured-img":"","footer-sml-layout":"","ast-disable-related-posts":"","theme-transparent-header-meta":"default","adv-header-id-meta":"","stick-header-meta":"","header-above-stick-meta":"","header-main-stick-meta":"","header-below-stick-meta":"","astra-migrate-meta-layouts":"set","ast-page-background-enabled":"default","ast-page-background-meta":{"desktop":{"background-color":"","background-image":"","background-repeat":"repeat","background-position":"center center","background-size":"auto","background-attachment":"scroll","background-type":"","background-media":"","overlay-type":"","overlay-color":"","overlay-opacity":"","overlay-gradient":""},"tablet":{"background-color":"","background-image":"","background-repeat":"repeat","background-position":"center center","background-size":"auto","background-attachment":"scroll","background-type":"","background-media":"","overlay-type":"","overlay-color":"","overlay-opacity":"","overlay-gradient":""},"mobile":{"background-color":"","background-image":"","background-repeat":"repeat","background-position":"center center","background-size":"auto","background-attachment":"scroll","background-type":"","background-media":"","overlay-type":"","overlay-color":"","overlay-opacity":"","overlay-gradient":""}},"ast-content-background-meta":{"desktop":{"background-color":"var(--ast-global-color-5)","background-image":"","background-repeat":"repeat","background-position":"center center","background-size":"auto","background-attachment":"scroll","background-type":"","background-media":"","overlay-type":"","overlay-color":"","overlay-opacity":"","overlay-gradient":""},"tablet":{"background-color":"var(--ast-global-color-5)","background-image":"","background-repeat":"repeat","background-position":"center center","background-size":"auto","background-attachment":"scroll","background-type":"","background-media":"","overlay-type":"","overlay-color":"","overlay-opacity":"","overlay-gradient":""},"mobile":{"background-color":"var(--ast-global-color-5)","background-image":"","background-repeat":"repeat","background-position":"center center","background-size":"auto","background-attachment":"scroll","background-type":"","background-media":"","overlay-type":"","overlay-color":"","overlay-opacity":"","overlay-gradient":""}},"footnotes":""},"categories":[1485,631],"tags":[5857,5858,5443,3669,3569,4458,4473,5853,5854,2169,1182,1451,4466,5850,5653,4468,5855,5856,5849,5752,4275,5848,5852,5662,5649,5660,3718,5650,5846,5847],"class_list":["post-27082","post","type-post","status-publish","format-standard","has-post-thumbnail","hentry","category-action","category-wellness-fr","tag-reconstruction-du-bien-etre","tag-ameliorer-la-sante","tag-avantages-de-la-cabine-infrarouge","tag-avantages-du-sauna","tag-avantages-du-spa","tag-cabines-infrarouges","tag-conseils-en-matiere-de-bien-etre","tag-conseils-personnels-en-matiere-de-bien-etre","tag-creer-un-espace-de-bien-etre","tag-explorez-votre-style-de-vie","tag-gervi","tag-gervi-wijnegem","tag-inspiration-bien-etre","tag-la-detente-a-la-maison","tag-le-bien-etre-a-domicile","tag-le-bien-etre-a-la-maison","tag-le-bien-etre-au-jardin","tag-les-specialistes-de-gervi","tag-nager-spa-fitness","tag-offres-de-sauna","tag-offres-de-spa","tag-produits-de-bien-etre-de-luxe","tag-sante-et-bien-etre","tag-sauna-detente","tag-solutions-de-bien-etre","tag-soulagement-des-douleurs-musculaires","tag-spa-detente","tag-spas-de-natation","tag-vente-dactions-gervi","tag-vente-de-stock-anvers"],"acf":[],"uagb_featured_image_src":{"full":["https:\/\/gervi.be\/wp-content\/uploads\/2024\/10\/Gervi-Stocksale-Antwerpen-2024.jpg",1920,1080,false],"thumbnail":["https:\/\/gervi.be\/wp-content\/uploads\/2024\/10\/Gervi-Stocksale-Antwerpen-2024-150x150.jpg",150,150,true],"medium":["https:\/\/gervi.be\/wp-content\/uploads\/2024\/10\/Gervi-Stocksale-Antwerpen-2024-300x169.jpg",300,169,true],"medium_large":["https:\/\/gervi.be\/wp-content\/uploads\/2024\/10\/Gervi-Stocksale-Antwerpen-2024-768x432.jpg",768,432,true],"large":["https:\/\/gervi.be\/wp-content\/uploads\/2024\/10\/Gervi-Stocksale-Antwerpen-2024-1024x576.jpg",1024,576,true],"1536x1536":["https:\/\/gervi.be\/wp-content\/uploads\/2024\/10\/Gervi-Stocksale-Antwerpen-2024-1536x864.jpg",1536,864,true],"2048x2048":["https:\/\/gervi.be\/wp-content\/uploads\/2024\/10\/Gervi-Stocksale-Antwerpen-2024.jpg",1920,1080,false],"woocommerce_thumbnail":["https:\/\/gervi.be\/wp-content\/uploads\/2024\/10\/Gervi-Stocksale-Antwerpen-2024.jpg",1920,1080,false],"woocommerce_single":["https:\/\/gervi.be\/wp-content\/uploads\/2024\/10\/Gervi-Stocksale-Antwerpen-2024.jpg",1920,1080,false],"woocommerce_gallery_thumbnail":["https:\/\/gervi.be\/wp-content\/uploads\/2024\/10\/Gervi-Stocksale-Antwerpen-2024-100x100.jpg",100,100,true],"dgwt-wcas-product-suggestion":["https:\/\/gervi.be\/wp-content\/uploads\/2024\/10\/Gervi-Stocksale-Antwerpen-2024.jpg",64,36,false]},"uagb_author_info":{"display_name":"Seppe Vandecruys","author_link":"https:\/\/gervi.be\/fr\/author\/seppe-vandecruys\/"},"uagb_comment_info":0,"uagb_excerpt":"Vivre votre r\u00eave de bien-\u00eatre cet automne ? Les 8, 9, 10 et 11 novembre, vous aurez l&#8217;occasion de d\u00e9couvrir ces solutions de bien-\u00eatre par vous-m\u00eame et de les emporter chez vous. Les 8 et 9 novembre, Gervi Wijnegem sera ouvert de 10 \u00e0 18 heures, et les 10 et 11 novembre de 13 \u00e0\u2026","_links":{"self":[{"href":"https:\/\/gervi.be\/fr\/wp-json\/wp\/v2\/posts\/27082","targetHints":{"allow":["GET"]}}],"collection":[{"href":"https:\/\/gervi.be\/fr\/wp-json\/wp\/v2\/posts"}],"about":[{"href":"https:\/\/gervi.be\/fr\/wp-json\/wp\/v2\/types\/post"}],"author":[{"embeddable":true,"href":"https:\/\/gervi.be\/fr\/wp-json\/wp\/v2\/users\/101"}],"replies":[{"embeddable":true,"href":"https:\/\/gervi.be\/fr\/wp-json\/wp\/v2\/comments?post=27082"}],"version-history":[{"count":0,"href":"https:\/\/gervi.be\/fr\/wp-json\/wp\/v2\/posts\/27082\/revisions"}],"wp:featuredmedia":[{"embeddable":true,"href":"https:\/\/gervi.be\/fr\/wp-json\/wp\/v2\/media\/27080"}],"wp:attachment":[{"href":"https:\/\/gervi.be\/fr\/wp-json\/wp\/v2\/media?parent=27082"}],"wp:term":[{"taxonomy":"category","embeddable":true,"href":"https:\/\/gervi.be\/fr\/wp-json\/wp\/v2\/categories?post=27082"},{"taxonomy":"post_tag","embeddable":true,"href":"https:\/\/gervi.be\/fr\/wp-json\/wp\/v2\/tags?post=27082"}],"curies":[{"name":"wp","href":"https:\/\/api.w.org\/{rel}","templated":true}]}}