{"id":26711,"date":"2024-09-30T16:59:43","date_gmt":"2024-09-30T14:59:43","guid":{"rendered":"https:\/\/gervi.be\/blog\/gervi-sur-tres-chic-luxe-et-sante-en-harmonie\/"},"modified":"2024-11-20T09:56:51","modified_gmt":"2024-11-20T08:56:51","slug":"gervi-sur-tres-chic-luxe-et-sante-en-harmonie","status":"publish","type":"post","link":"https:\/\/gervi.be\/fr\/blog\/gervi-sur-tres-chic-luxe-et-sante-en-harmonie\/","title":{"rendered":"Gervi sur Tr\u00e8s Chic : luxe et sant\u00e9 en harmonie"},"content":{"rendered":"\t\t<div data-elementor-type=\"wp-post\" data-elementor-id=\"26711\" class=\"elementor elementor-26711 elementor-26703\" data-elementor-post-type=\"post\">\n\t\t\t\t\t\t<section class=\"elementor-section elementor-top-section elementor-element elementor-element-4dde0cdc elementor-section-boxed elementor-section-height-default elementor-section-height-default\" data-id=\"4dde0cdc\" data-element_type=\"section\" data-e-type=\"section\">\n\t\t\t\t\t\t<div class=\"elementor-container elementor-column-gap-default\">\n\t\t\t\t\t<div class=\"elementor-column elementor-col-100 elementor-top-column elementor-element elementor-element-1dd569e0\" data-id=\"1dd569e0\" data-element_type=\"column\" data-e-type=\"column\">\n\t\t\t<div class=\"elementor-widget-wrap elementor-element-populated\">\n\t\t\t\t\t\t<div class=\"elementor-element elementor-element-7bf68ff elementor-widget-laptop__width-initial elementor-widget elementor-widget-text-editor\" data-id=\"7bf68ff\" data-element_type=\"widget\" data-e-type=\"widget\" data-widget_type=\"text-editor.default\">\n\t\t\t\t\t\t\t\t\t<h2 class=\"Almarena\">Tr\u00e8s Chic : une exp\u00e9rience de luxe<\/h2>\n<\/p>\n<p class=\"Indivisible\">Les visiteurs seront plong\u00e9s dans une atmosph\u00e8re de confort et de beaut\u00e9, faisant de la Tr\u00e8s Chic Fair l&#8217;occasion id\u00e9ale de pr\u00e9senter les solutions de luxe de Gervi en mati\u00e8re de bien-\u00eatre.<br \/>\nQue vous cherchiez \u00e0 vous d\u00e9tendre ou \u00e0 am\u00e9liorer votre sant\u00e9, nos solutions de bien-\u00eatre offrent le meilleur des deux mondes.<br \/>\nAu salon, vous aurez la chance non seulement de voir ce luxe, mais aussi d&#8217;en faire l&#8217;exp\u00e9rience.<br \/>\nNos experts seront \u00e0 votre disposition pour vous donner des conseils personnalis\u00e9s.<br \/>\nQu&#8217;il s&#8217;agisse d&#8217;un spa de luxe dans le jardin ou d&#8217;un sauna compact dans la salle de bains, nous vous aiderons \u00e0 trouver l&#8217;\u00e9quilibre parfait entre d\u00e9tente, fonctionnalit\u00e9 et budget.    <\/p>\n<p>Cela vous tente ? Alors prenez vos tickets dans nos salles d&#8217;exposition \u00e0 Maasmechelen et Hasselt, et d\u00e9couvrez les possibilit\u00e9s par vous-m\u00eame ! <\/p>\n\t\t\t\t\t\t\t\t<\/div>\n\t\t\t\t\t<\/div>\n\t\t<\/div>\n\t\t\t\t\t<\/div>\n\t\t<\/section>\n\t\t\t\t<section class=\"elementor-section elementor-top-section elementor-element elementor-element-cf4a663 elementor-section-boxed elementor-section-height-default elementor-section-height-default\" data-id=\"cf4a663\" data-element_type=\"section\" data-e-type=\"section\">\n\t\t\t\t\t\t<div class=\"elementor-container elementor-column-gap-default\">\n\t\t\t\t\t<div class=\"elementor-column elementor-col-100 elementor-top-column elementor-element elementor-element-3603d7b\" data-id=\"3603d7b\" data-element_type=\"column\" data-e-type=\"column\">\n\t\t\t<div class=\"elementor-widget-wrap elementor-element-populated\">\n\t\t\t\t\t\t<div class=\"elementor-element elementor-element-ee75542 elementor-widget-laptop__width-initial elementor-widget elementor-widget-text-editor\" data-id=\"ee75542\" data-element_type=\"widget\" data-e-type=\"widget\" data-widget_type=\"text-editor.default\">\n\t\t\t\t\t\t\t\t\t<h2 class=\"Almarena\">Le luxe, source de sant\u00e9<\/h2>\n<\/p>\n<p class=\"Indivisible\">Chez Gervi, le luxe va au-del\u00e0 du confort, il s&#8217;agit avant tout de bien-\u00eatre.<br \/>\nNotre vaste gamme de produits de bien-\u00eatre, des spas et saunas aux cabines infrarouges et aux spas de nage, est con\u00e7ue pour rendre votre vie quotidienne plus saine et plus relaxante.<br \/>\nNos spas Hotspring, par exemple, ne se contentent pas de vous d\u00e9tendre, ils contribuent \u00e9galement \u00e0 soulager les douleurs musculaires et articulaires, \u00e0 am\u00e9liorer la circulation sanguine et \u00e0 r\u00e9duire le stress.<br \/>\nLa chaleur et l&#8217;hydromassage aident votre corps \u00e0 r\u00e9cup\u00e9rer plus rapidement apr\u00e8s un effort physique, ce qui vous rend plus en forme et plus d\u00e9tendu dans la vie de tous les jours.   <\/p>\n<p class=\"Indivisible\">Les saunas et les cabines infrarouges offrent une relaxation profonde et contribuent \u00e0 la d\u00e9sintoxication du corps.<br \/>\nIls favorisent l&#8217;\u00e9limination des d\u00e9chets et am\u00e9liorent la circulation sanguine, ce qui non seulement d\u00e9tend vos muscles mais renforce \u00e9galement votre syst\u00e8me immunitaire.<br \/>\nPour ceux qui recherchent une relaxation physique plus profonde ou un soulagement des douleurs chroniques, une cabine infrarouge est une solution id\u00e9ale.<br \/>\nL&#8217;utilisation r\u00e9guli\u00e8re d&#8217;un sauna infrarouge peut \u00e9galement contribuer \u00e0 la sant\u00e9 de la peau et au renforcement du syst\u00e8me immunitaire.   <\/p>\n\t\t\t\t\t\t\t\t<\/div>\n\t\t\t\t<div class=\"elementor-element elementor-element-09e4dd2 elementor-widget elementor-widget-image\" data-id=\"09e4dd2\" data-element_type=\"widget\" data-e-type=\"widget\" data-widget_type=\"image.default\">\n\t\t\t\t\t\t\t\t\t\t\t\t\t\t\t<img fetchpriority=\"high\" decoding=\"async\" width=\"1024\" height=\"576\" src=\"https:\/\/gervi.be\/wp-content\/uploads\/2024\/09\/Blog-Tres-Chic-jacuzzi-1024x576.jpg\" class=\"attachment-large size-large wp-image-26705\" alt=\"Blog-Tres-Chic-jacuzzi\" srcset=\"https:\/\/gervi.be\/wp-content\/uploads\/2024\/09\/Blog-Tres-Chic-jacuzzi-1024x576.jpg 1024w, https:\/\/gervi.be\/wp-content\/uploads\/2024\/09\/Blog-Tres-Chic-jacuzzi-300x169.jpg 300w, https:\/\/gervi.be\/wp-content\/uploads\/2024\/09\/Blog-Tres-Chic-jacuzzi-768x432.jpg 768w, https:\/\/gervi.be\/wp-content\/uploads\/2024\/09\/Blog-Tres-Chic-jacuzzi-1536x864.jpg 1536w, https:\/\/gervi.be\/wp-content\/uploads\/2024\/09\/Blog-Tres-Chic-jacuzzi.jpg 1920w\" sizes=\"(max-width: 1024px) 100vw, 1024px\" title=\"\">\t\t\t\t\t\t\t\t\t\t\t\t\t\t\t<\/div>\n\t\t\t\t\t<\/div>\n\t\t<\/div>\n\t\t\t\t\t<\/div>\n\t\t<\/section>\n\t\t\t\t<section class=\"elementor-section elementor-top-section elementor-element elementor-element-f6cfcea elementor-section-boxed elementor-section-height-default elementor-section-height-default\" data-id=\"f6cfcea\" data-element_type=\"section\" data-e-type=\"section\">\n\t\t\t\t\t\t<div class=\"elementor-container elementor-column-gap-default\">\n\t\t\t\t\t<div class=\"elementor-column elementor-col-100 elementor-top-column elementor-element elementor-element-0473adc\" data-id=\"0473adc\" data-element_type=\"column\" data-e-type=\"column\">\n\t\t\t<div class=\"elementor-widget-wrap elementor-element-populated\">\n\t\t\t\t\t\t<div class=\"elementor-element elementor-element-7599a30 elementor-widget-laptop__width-initial elementor-widget elementor-widget-text-editor\" data-id=\"7599a30\" data-element_type=\"widget\" data-e-type=\"widget\" data-widget_type=\"text-editor.default\">\n\t\t\t\t\t\t\t\t\t<h2 class=\"Almarena\">Wellness for Home : compl\u00e9ter votre style de vie<\/h2>\n<\/p>\n<p class=\"Indivisible\">Au salon Tr\u00e8s Chic, nous souhaitons inciter les visiteurs \u00e0 int\u00e9grer le bien-\u00eatre dans leur propre maison.<br \/>\nQu&#8217;il s&#8217;agisse d&#8217;un spa pour le jardin, d&#8217;un sauna int\u00e9rieur ou m\u00eame d&#8217;un spa de nage pour toute la famille, nous proposons des solutions de bien-\u00eatre de luxe qui transforment votre maison en une oasis de bien-\u00eatre personnelle. <\/p>\n<p class=\"Indivisible\">Nos barbecues et notre mobilier de jardin ext\u00e9rieur compl\u00e8tent le tableau.<br \/>\nIls compl\u00e8tent parfaitement tout espace ext\u00e9rieur et vous permettent de profiter pleinement de la nature.<br \/>\nQue vous organisiez un barbecue en \u00e9t\u00e9 ou que vous vous d\u00e9tendiez dans un luxueux salon de jardin apr\u00e8s une journ\u00e9e au spa, nos produits cr\u00e9ent un environnement o\u00f9 l&#8217;esprit et le corps peuvent se d\u00e9tendre pleinement.<br \/>\nGr\u00e2ce \u00e0 nos solutions de bien-\u00eatre, vous transformez votre maison en un lieu o\u00f9 le luxe et la sant\u00e9 se conjuguent.   <\/p>\n\t\t\t\t\t\t\t\t<\/div>\n\t\t\t\t\t<\/div>\n\t\t<\/div>\n\t\t\t\t\t<\/div>\n\t\t<\/section>\n\t\t\t\t<section class=\"elementor-section elementor-top-section elementor-element elementor-element-ec80cbc elementor-section-boxed elementor-section-height-default elementor-section-height-default\" data-id=\"ec80cbc\" data-element_type=\"section\" data-e-type=\"section\">\n\t\t\t\t\t\t<div class=\"elementor-container elementor-column-gap-default\">\n\t\t\t\t\t<div class=\"elementor-column elementor-col-100 elementor-top-column elementor-element elementor-element-8d8fadd\" data-id=\"8d8fadd\" data-element_type=\"column\" data-e-type=\"column\">\n\t\t\t<div class=\"elementor-widget-wrap elementor-element-populated\">\n\t\t\t\t\t\t<div class=\"elementor-element elementor-element-d6fff76 elementor-widget-laptop__width-initial elementor-widget elementor-widget-text-editor\" data-id=\"d6fff76\" data-element_type=\"widget\" data-e-type=\"widget\" data-widget_type=\"text-editor.default\">\n\t\t\t\t\t\t\t\t\t<h2 class=\"Almarena\">Des conseils personnalis\u00e9s pour vos r\u00eaves de bien-\u00eatre<\/h2>\n<p class=\"Indivisible\">Lors de Tr\u00e8s Chic, nos experts seront \u00e0 votre disposition pour vous aider \u00e0 faire les bons choix en fonction de votre situation sp\u00e9cifique.<br \/>\nQue vous recherchiez le spa id\u00e9al pour votre famille ou une cabine infrarouge adapt\u00e9e \u00e0 vos besoins de sant\u00e9, nous vous aiderons \u00e0 cr\u00e9er un espace de bien-\u00eatre qui correspond non seulement \u00e0 votre budget, mais aussi \u00e0 votre mode de vie.<br \/>\nNos produits sont con\u00e7us pour s&#8217;int\u00e9grer sans effort dans n&#8217;importe quel espace, qu&#8217;il s&#8217;agisse d&#8217;un grand jardin ou d&#8217;une petite salle de bains.<br \/>\nGr\u00e2ce \u00e0 nos conseils sur mesure, vous \u00eates assur\u00e9 de b\u00e9n\u00e9ficier d&#8217;une solution parfaitement adapt\u00e9e \u00e0 vos besoins.   <\/p>\n<p class=\"Almarena\"><strong>Informations pratiques<\/strong><\/p>\n<p class=\"Indivisible\">La Tr\u00e8s Chic Fair aura lieu au Trixxo Arena, situ\u00e9 \u00e0 Gouverneur Verwilghensingel 70, 3500 Hasselt, du 22 au 24 novembre 2024.<br \/>\nL&#8217;entr\u00e9e est gratuite pour les enfants jusqu&#8217;\u00e0 12 ans. <\/p>\n<p>Heures d&#8217;ouverture :<\/p>\n<p>Vendredi 22 novembre de 17h \u00e0 23h<\/p>\n<p>Samedi 23 novembre 13h &#8211; 23h<\/p>\n<p>Dimanche 24 novembre 11h00 &#8211; 21h00<\/p>\n\t\t\t\t\t\t\t\t<\/div>\n\t\t\t\t<div class=\"elementor-element elementor-element-7942c4b elementor-widget elementor-widget-image\" data-id=\"7942c4b\" data-element_type=\"widget\" data-e-type=\"widget\" data-widget_type=\"image.default\">\n\t\t\t\t\t\t\t\t\t\t\t\t\t\t\t<img decoding=\"async\" width=\"1024\" height=\"576\" src=\"https:\/\/gervi.be\/wp-content\/uploads\/2024\/09\/Blog-Tres-Chic-spa-1024x576.jpg\" class=\"attachment-large size-large wp-image-26707\" alt=\"Blog-Tres-Chic-spa\" srcset=\"https:\/\/gervi.be\/wp-content\/uploads\/2024\/09\/Blog-Tres-Chic-spa-1024x576.jpg 1024w, https:\/\/gervi.be\/wp-content\/uploads\/2024\/09\/Blog-Tres-Chic-spa-300x169.jpg 300w, https:\/\/gervi.be\/wp-content\/uploads\/2024\/09\/Blog-Tres-Chic-spa-768x432.jpg 768w, https:\/\/gervi.be\/wp-content\/uploads\/2024\/09\/Blog-Tres-Chic-spa-1536x864.jpg 1536w, https:\/\/gervi.be\/wp-content\/uploads\/2024\/09\/Blog-Tres-Chic-spa.jpg 1920w\" sizes=\"(max-width: 1024px) 100vw, 1024px\" title=\"\">\t\t\t\t\t\t\t\t\t\t\t\t\t\t\t<\/div>\n\t\t\t\t\t<\/div>\n\t\t<\/div>\n\t\t\t\t\t<\/div>\n\t\t<\/section>\n\t\t\t\t<\/div>\n\t\t","protected":false},"excerpt":{"rendered":"<p>Tr\u00e8s Chic : une exp\u00e9rience de luxe Les visiteurs seront plong\u00e9s dans une atmosph\u00e8re de confort et de beaut\u00e9, faisant de la Tr\u00e8s Chic Fair l&#8217;occasion id\u00e9ale de pr\u00e9senter les solutions de luxe de Gervi en mati\u00e8re de bien-\u00eatre. Que vous cherchiez \u00e0 vous d\u00e9tendre ou \u00e0 am\u00e9liorer votre sant\u00e9, nos solutions de bien-\u00eatre offrent [&hellip;]<\/p>\n","protected":false},"author":101,"featured_media":26709,"comment_status":"open","ping_status":"open","sticky":false,"template":"","format":"standard","meta":{"_acf_changed":false,"_uag_custom_page_level_css":"","site-sidebar-layout":"default","site-content-layout":"","ast-site-content-layout":"default","site-content-style":"default","site-sidebar-style":"default","ast-global-header-display":"","ast-banner-title-visibility":"","ast-main-header-display":"","ast-hfb-above-header-display":"","ast-hfb-below-header-display":"","ast-hfb-mobile-header-display":"","site-post-title":"","ast-breadcrumbs-content":"","ast-featured-img":"","footer-sml-layout":"","ast-disable-related-posts":"","theme-transparent-header-meta":"default","adv-header-id-meta":"","stick-header-meta":"","header-above-stick-meta":"","header-main-stick-meta":"","header-below-stick-meta":"","astra-migrate-meta-layouts":"default","ast-page-background-enabled":"default","ast-page-background-meta":{"desktop":{"background-color":"","background-image":"","background-repeat":"repeat","background-position":"center center","background-size":"auto","background-attachment":"scroll","background-type":"","background-media":"","overlay-type":"","overlay-color":"","overlay-opacity":"","overlay-gradient":""},"tablet":{"background-color":"","background-image":"","background-repeat":"repeat","background-position":"center center","background-size":"auto","background-attachment":"scroll","background-type":"","background-media":"","overlay-type":"","overlay-color":"","overlay-opacity":"","overlay-gradient":""},"mobile":{"background-color":"","background-image":"","background-repeat":"repeat","background-position":"center center","background-size":"auto","background-attachment":"scroll","background-type":"","background-media":"","overlay-type":"","overlay-color":"","overlay-opacity":"","overlay-gradient":""}},"ast-content-background-meta":{"desktop":{"background-color":"var(--ast-global-color-5)","background-image":"","background-repeat":"repeat","background-position":"center center","background-size":"auto","background-attachment":"scroll","background-type":"","background-media":"","overlay-type":"","overlay-color":"","overlay-opacity":"","overlay-gradient":""},"tablet":{"background-color":"var(--ast-global-color-5)","background-image":"","background-repeat":"repeat","background-position":"center center","background-size":"auto","background-attachment":"scroll","background-type":"","background-media":"","overlay-type":"","overlay-color":"","overlay-opacity":"","overlay-gradient":""},"mobile":{"background-color":"var(--ast-global-color-5)","background-image":"","background-repeat":"repeat","background-position":"center center","background-size":"auto","background-attachment":"scroll","background-type":"","background-media":"","overlay-type":"","overlay-color":"","overlay-opacity":"","overlay-gradient":""}},"footnotes":""},"categories":[1452,628,631],"tags":[5651,5648,4458,5667,2169,1182,5647,5640,4466,5434,5655,5658,5653,2237,5666,5664,5657,5437,5661,5656,4452,5668,5662,5649,5660,5650,5431,5659,5629],"class_list":["post-26711","post","type-post","status-publish","format-standard","has-post-thumbnail","hentry","category-evenements","category-jacuzzi-fr","category-wellness-fr","tag-barbecue-et-mobilier-de-jardin","tag-bien-etre-de-luxe","tag-cabines-infrarouges","tag-des-conseils-sur-mesure","tag-explorez-votre-style-de-vie","tag-gervi","tag-gervi-dans-tres-chic","tag-hydromassage","tag-inspiration-bien-etre","tag-integrer-le-bien-etre","tag-jardin-thermal","tag-lequilibre-entre-le-luxe-et-la-sante","tag-le-bien-etre-a-domicile","tag-meubles-de-jardin-de-luxe","tag-oasis-de-bien-etre-personnel","tag-plaisir-en-plein-air","tag-produits-de-bien-etre-exclusifs","tag-reduire-le-stress","tag-renforcement-du-systeme-immunitaire","tag-salle-de-bain-du-sauna","tag-salon-du-bien-etre","tag-sante-et-luxe","tag-sauna-detente","tag-solutions-de-bien-etre","tag-soulagement-des-douleurs-musculaires","tag-spas-de-natation","tag-spas-et-saunas","tag-thermes-de-sources-chaudes","tag-trixxo-arena-hasselt"],"acf":[],"uagb_featured_image_src":{"full":["https:\/\/gervi.be\/wp-content\/uploads\/2024\/09\/Blog-Tres-Chic-beurs.jpg",1920,1080,false],"thumbnail":["https:\/\/gervi.be\/wp-content\/uploads\/2024\/09\/Blog-Tres-Chic-beurs-150x150.jpg",150,150,true],"medium":["https:\/\/gervi.be\/wp-content\/uploads\/2024\/09\/Blog-Tres-Chic-beurs-300x169.jpg",300,169,true],"medium_large":["https:\/\/gervi.be\/wp-content\/uploads\/2024\/09\/Blog-Tres-Chic-beurs-768x432.jpg",768,432,true],"large":["https:\/\/gervi.be\/wp-content\/uploads\/2024\/09\/Blog-Tres-Chic-beurs-1024x576.jpg",1024,576,true],"1536x1536":["https:\/\/gervi.be\/wp-content\/uploads\/2024\/09\/Blog-Tres-Chic-beurs-1536x864.jpg",1536,864,true],"2048x2048":["https:\/\/gervi.be\/wp-content\/uploads\/2024\/09\/Blog-Tres-Chic-beurs.jpg",1920,1080,false],"woocommerce_thumbnail":["https:\/\/gervi.be\/wp-content\/uploads\/2024\/09\/Blog-Tres-Chic-beurs.jpg",1920,1080,false],"woocommerce_single":["https:\/\/gervi.be\/wp-content\/uploads\/2024\/09\/Blog-Tres-Chic-beurs.jpg",1920,1080,false],"woocommerce_gallery_thumbnail":["https:\/\/gervi.be\/wp-content\/uploads\/2024\/09\/Blog-Tres-Chic-beurs-100x100.jpg",100,100,true],"dgwt-wcas-product-suggestion":["https:\/\/gervi.be\/wp-content\/uploads\/2024\/09\/Blog-Tres-Chic-beurs.jpg",64,36,false]},"uagb_author_info":{"display_name":"Seppe Vandecruys","author_link":"https:\/\/gervi.be\/fr\/author\/seppe-vandecruys\/"},"uagb_comment_info":0,"uagb_excerpt":"Tr\u00e8s Chic : une exp\u00e9rience de luxe Les visiteurs seront plong\u00e9s dans une atmosph\u00e8re de confort et de beaut\u00e9, faisant de la Tr\u00e8s Chic Fair l&#8217;occasion id\u00e9ale de pr\u00e9senter les solutions de luxe de Gervi en mati\u00e8re de bien-\u00eatre. Que vous cherchiez \u00e0 vous d\u00e9tendre ou \u00e0 am\u00e9liorer votre sant\u00e9, nos solutions de bien-\u00eatre offrent\u2026","_links":{"self":[{"href":"https:\/\/gervi.be\/fr\/wp-json\/wp\/v2\/posts\/26711","targetHints":{"allow":["GET"]}}],"collection":[{"href":"https:\/\/gervi.be\/fr\/wp-json\/wp\/v2\/posts"}],"about":[{"href":"https:\/\/gervi.be\/fr\/wp-json\/wp\/v2\/types\/post"}],"author":[{"embeddable":true,"href":"https:\/\/gervi.be\/fr\/wp-json\/wp\/v2\/users\/101"}],"replies":[{"embeddable":true,"href":"https:\/\/gervi.be\/fr\/wp-json\/wp\/v2\/comments?post=26711"}],"version-history":[{"count":0,"href":"https:\/\/gervi.be\/fr\/wp-json\/wp\/v2\/posts\/26711\/revisions"}],"wp:featuredmedia":[{"embeddable":true,"href":"https:\/\/gervi.be\/fr\/wp-json\/wp\/v2\/media\/26709"}],"wp:attachment":[{"href":"https:\/\/gervi.be\/fr\/wp-json\/wp\/v2\/media?parent=26711"}],"wp:term":[{"taxonomy":"category","embeddable":true,"href":"https:\/\/gervi.be\/fr\/wp-json\/wp\/v2\/categories?post=26711"},{"taxonomy":"post_tag","embeddable":true,"href":"https:\/\/gervi.be\/fr\/wp-json\/wp\/v2\/tags?post=26711"}],"curies":[{"name":"wp","href":"https:\/\/api.w.org\/{rel}","templated":true}]}}