{"id":25811,"date":"2024-07-12T09:47:36","date_gmt":"2024-07-12T07:47:36","guid":{"rendered":"https:\/\/gervi.be\/blog\/decouvrez-la-polyvalence-des-parasols-jardinico\/"},"modified":"2024-07-12T09:50:47","modified_gmt":"2024-07-12T07:50:47","slug":"decouvrez-la-polyvalence-des-parasols-jardinico","status":"publish","type":"post","link":"https:\/\/gervi.be\/fr\/blog\/decouvrez-la-polyvalence-des-parasols-jardinico\/","title":{"rendered":"D\u00e9couvrez la polyvalence des parasols Jardinico"},"content":{"rendered":"\t\t<div data-elementor-type=\"wp-post\" data-elementor-id=\"25811\" class=\"elementor elementor-25811 elementor-25799\" data-elementor-post-type=\"post\">\n\t\t\t\t\t\t<section class=\"elementor-section elementor-top-section elementor-element elementor-element-4dde0cdc elementor-section-boxed elementor-section-height-default elementor-section-height-default\" data-id=\"4dde0cdc\" data-element_type=\"section\" data-e-type=\"section\">\n\t\t\t\t\t\t<div class=\"elementor-container elementor-column-gap-default\">\n\t\t\t\t\t<div class=\"elementor-column elementor-col-100 elementor-top-column elementor-element elementor-element-1dd569e0\" data-id=\"1dd569e0\" data-element_type=\"column\" data-e-type=\"column\">\n\t\t\t<div class=\"elementor-widget-wrap elementor-element-populated\">\n\t\t\t\t\t\t<div class=\"elementor-element elementor-element-7bf68ff elementor-widget-laptop__width-initial elementor-widget elementor-widget-text-editor\" data-id=\"7bf68ff\" data-element_type=\"widget\" data-e-type=\"widget\" data-widget_type=\"text-editor.default\">\n\t\t\t\t\t\t\t\t\t<h2 class=\"Almarena\">Un r\u00eave d&#8217;\u00e9t\u00e9 avec les parasols Jardinico<\/h2>\n<p class=\"Indivisible\">Lorsque le soleil est haut dans le ciel et que la chaleur s&#8217;installe dans les coins de votre jardin, les parasols <a href=\"https:\/\/gervi.be\/fr\/marques\/jardinico\/\" target=\"_blank\" rel=\"noopener\">Jardinico <\/a>vous permettent d&#8217;\u00e9chapper \u00e0 la chaleur. Les parasols de cette marque <strong>belge<\/strong> renomm\u00e9e allient sans effort style et fonctionnalit\u00e9, transformant tout espace ext\u00e9rieur en une oasis luxueuse et ombrag\u00e9e. Que vous ayez un petit balcon ou un grand jardin, la diversit\u00e9 de la collection Jardinico vous permet de toujours trouver le produit id\u00e9al.<\/p>\n<p class=\"Indivisible\">\n<h2 class=\"Almarena\">Des mod\u00e8les a\u00e9roglisseurs aux mod\u00e8les traditionnels<\/h2>\n<p class=\"Indivisible\">La gamme Jardinico comprend des parasols flottants qui flottent au-dessus de vos si\u00e8ges sans qu&#8217;un m\u00e2t central n&#8217;obstrue la vue &#8211; id\u00e9al pour les conversations et les d\u00eeners en plein air. Des mod\u00e8les traditionnels avec un m\u00e2t central sont \u00e9galement disponibles. Ils sont populaires dans de nombreux foyers en raison de leur construction stable et de leur facilit\u00e9 d&#8217;installation. Chaque mod\u00e8le est disponible en diff\u00e9rentes tailles &#8211; de la plus confortable et compacte \u00e0 la plus grande pour couvrir toute une table de salle \u00e0 manger &#8211; et dans des formes telles que carr\u00e9e, rectangulaire et ronde. Les finitions vont de l&#8217;\u00e9pur\u00e9 et du moderne \u00e0 l&#8217;\u00e9l\u00e9gant classique ; il existe \u00e9galement une grande vari\u00e9t\u00e9 de couleurs, de la plus neutre \u00e0 la plus vive. Cela signifie qu&#8217;il y a un parasol Jardinico qui s&#8217;adapte \u00e0 tous les styles et \u00e0 tous les designs.<\/p>\n\t\t\t\t\t\t\t\t<\/div>\n\t\t\t\t\t<\/div>\n\t\t<\/div>\n\t\t\t\t\t<\/div>\n\t\t<\/section>\n\t\t\t\t<section class=\"elementor-section elementor-top-section elementor-element elementor-element-c030063 elementor-section-boxed elementor-section-height-default elementor-section-height-default\" data-id=\"c030063\" data-element_type=\"section\" data-e-type=\"section\">\n\t\t\t\t\t\t<div class=\"elementor-container elementor-column-gap-default\">\n\t\t\t\t\t<div class=\"elementor-column elementor-col-100 elementor-top-column elementor-element elementor-element-a867b99\" data-id=\"a867b99\" data-element_type=\"column\" data-e-type=\"column\">\n\t\t\t<div class=\"elementor-widget-wrap elementor-element-populated\">\n\t\t\t\t\t\t<div class=\"elementor-element elementor-element-00d2bcb elementor-widget elementor-widget-image\" data-id=\"00d2bcb\" data-element_type=\"widget\" data-e-type=\"widget\" data-widget_type=\"image.default\">\n\t\t\t\t\t\t\t\t\t\t\t\t\t\t\t<img fetchpriority=\"high\" decoding=\"async\" width=\"1500\" height=\"1500\" src=\"https:\/\/gervi.be\/wp-content\/uploads\/2024\/07\/Gervi-Jardinico-tuinmeubilair.jpg\" class=\"attachment-full size-full wp-image-25805\" alt=\"Gervi-Jardinico-tuinmeubilair\" srcset=\"https:\/\/gervi.be\/wp-content\/uploads\/2024\/07\/Gervi-Jardinico-tuinmeubilair.jpg 1500w, https:\/\/gervi.be\/wp-content\/uploads\/2024\/07\/Gervi-Jardinico-tuinmeubilair-100x100.jpg 100w, https:\/\/gervi.be\/wp-content\/uploads\/2024\/07\/Gervi-Jardinico-tuinmeubilair-300x300.jpg 300w, https:\/\/gervi.be\/wp-content\/uploads\/2024\/07\/Gervi-Jardinico-tuinmeubilair-1024x1024.jpg 1024w, https:\/\/gervi.be\/wp-content\/uploads\/2024\/07\/Gervi-Jardinico-tuinmeubilair-150x150.jpg 150w, https:\/\/gervi.be\/wp-content\/uploads\/2024\/07\/Gervi-Jardinico-tuinmeubilair-768x768.jpg 768w\" sizes=\"(max-width: 1500px) 100vw, 1500px\" title=\"\">\t\t\t\t\t\t\t\t\t\t\t\t\t\t\t<\/div>\n\t\t\t\t\t<\/div>\n\t\t<\/div>\n\t\t\t\t\t<\/div>\n\t\t<\/section>\n\t\t\t\t<section class=\"elementor-section elementor-top-section elementor-element elementor-element-dd0e829 elementor-section-boxed elementor-section-height-default elementor-section-height-default\" data-id=\"dd0e829\" data-element_type=\"section\" data-e-type=\"section\">\n\t\t\t\t\t\t<div class=\"elementor-container elementor-column-gap-default\">\n\t\t\t\t\t<div class=\"elementor-column elementor-col-100 elementor-top-column elementor-element elementor-element-d04d86f\" data-id=\"d04d86f\" data-element_type=\"column\" data-e-type=\"column\">\n\t\t\t<div class=\"elementor-widget-wrap elementor-element-populated\">\n\t\t\t\t\t\t<div class=\"elementor-element elementor-element-3ddc667 elementor-widget-laptop__width-initial elementor-widget elementor-widget-text-editor\" data-id=\"3ddc667\" data-element_type=\"widget\" data-e-type=\"widget\" data-widget_type=\"text-editor.default\">\n\t\t\t\t\t\t\t\t\t<h2 class=\"Almarena\">Un aper\u00e7u des collections<\/h2>\n<p class=\"Indivisible\">La collection Attitude comprend les parasols flottants Azore et Antego, qui sont non seulement r\u00e9glables en hauteur, mais peuvent \u00e9galement s&#8217;incliner lat\u00e9ralement pour offrir un ombrage optimal \u00e0 tout moment de la journ\u00e9e. L&#8217;Amalfi et le Malibu, tous deux dot\u00e9s d&#8217;un m\u00e2t central, ajoutent une touche d&#8217;\u00e9l\u00e9gance \u00e0 tout jardin gr\u00e2ce \u00e0 leurs hauteurs r\u00e9glables et \u00e0 leurs fonctions d&#8217;inclinaison qui garantissent confort et facilit\u00e9 d&#8217;utilisation. La collection Caract\u00e8re, connue comme la ligne exclusive de Jardinico, propose des parasols flottants et des mod\u00e8les \u00e0 m\u00e2t central qui red\u00e9finissent la notion de luxe dans le mobilier d&#8217;ext\u00e9rieur.<\/p>\n<p class=\"Indivisible\">\n<h2 class=\"Almarena\">Raffinements techniques et durabilit\u00e9<\/h2>\n<p class=\"Indivisible\">Jardinico est connu pour son engagement en mati\u00e8re de qualit\u00e9 et de durabilit\u00e9. Les <a href=\"https:\/\/gervi.be\/fr\/product-categorie\/parasols-fr\/\" target=\"_blank\" rel=\"noopener\">parasols <\/a>sont fabriqu\u00e9s dans des mat\u00e9riaux de haute qualit\u00e9 qui r\u00e9sistent aux rayons UV et aux intemp\u00e9ries, ce qui en fait un investissement \u00e0 long terme pour votre jardin. Les tissus utilis\u00e9s sont faciles \u00e0 entretenir et conservent leur couleur pendant des ann\u00e9es. Le design innovant des parasols flottants leur permet de s&#8217;adapter facilement aux mouvements du soleil tout au long de la journ\u00e9e, offrant ainsi un maximum de fonctionnalit\u00e9 et d&#8217;ombre sans compromettre le style.<\/p>\n<p class=\"Indivisible\">\n<h2 class=\"Almarena\">Un choix de vie pour tout amateur de jardinage<\/h2>\n<p class=\"Indivisible\">Choisir le bon parasol Jardinico, c&#8217;est plus qu&#8217;un simple article pratique, c&#8217;est un choix de vie. Ces parasols sont con\u00e7us pour se d\u00e9marquer, qu&#8217;il s&#8217;agisse d&#8217;un look minimaliste ou d&#8217;un design exub\u00e9rant qui se distingue dans votre jardin. L&#8217;id\u00e9e est de cr\u00e9er un point central o\u00f9 la famille et les amis aiment se retrouver pour se d\u00e9tendre et profiter de l&#8217;ext\u00e9rieur.<\/p>\n\t\t\t\t\t\t\t\t<\/div>\n\t\t\t\t\t<\/div>\n\t\t<\/div>\n\t\t\t\t\t<\/div>\n\t\t<\/section>\n\t\t\t\t<section class=\"elementor-section elementor-top-section elementor-element elementor-element-120417c elementor-section-boxed elementor-section-height-default elementor-section-height-default\" data-id=\"120417c\" data-element_type=\"section\" data-e-type=\"section\">\n\t\t\t\t\t\t<div class=\"elementor-container elementor-column-gap-default\">\n\t\t\t\t\t<div class=\"elementor-column elementor-col-100 elementor-top-column elementor-element elementor-element-41f79e8\" data-id=\"41f79e8\" data-element_type=\"column\" data-e-type=\"column\">\n\t\t\t<div class=\"elementor-widget-wrap elementor-element-populated\">\n\t\t\t\t\t\t<div class=\"elementor-element elementor-element-e287e36 elementor-widget elementor-widget-image\" data-id=\"e287e36\" data-element_type=\"widget\" data-e-type=\"widget\" data-widget_type=\"image.default\">\n\t\t\t\t\t\t\t\t\t\t\t\t\t\t\t<img decoding=\"async\" width=\"1500\" height=\"1500\" src=\"https:\/\/gervi.be\/wp-content\/uploads\/2024\/07\/Gervi-Jardinico-tuinset.jpg\" class=\"attachment-full size-full wp-image-25807\" alt=\"Gervi-Jardinico-tuinset\" srcset=\"https:\/\/gervi.be\/wp-content\/uploads\/2024\/07\/Gervi-Jardinico-tuinset.jpg 1500w, https:\/\/gervi.be\/wp-content\/uploads\/2024\/07\/Gervi-Jardinico-tuinset-100x100.jpg 100w, https:\/\/gervi.be\/wp-content\/uploads\/2024\/07\/Gervi-Jardinico-tuinset-300x300.jpg 300w, https:\/\/gervi.be\/wp-content\/uploads\/2024\/07\/Gervi-Jardinico-tuinset-1024x1024.jpg 1024w, https:\/\/gervi.be\/wp-content\/uploads\/2024\/07\/Gervi-Jardinico-tuinset-150x150.jpg 150w, https:\/\/gervi.be\/wp-content\/uploads\/2024\/07\/Gervi-Jardinico-tuinset-768x768.jpg 768w\" sizes=\"(max-width: 1500px) 100vw, 1500px\" title=\"\">\t\t\t\t\t\t\t\t\t\t\t\t\t\t\t<\/div>\n\t\t\t\t\t<\/div>\n\t\t<\/div>\n\t\t\t\t\t<\/div>\n\t\t<\/section>\n\t\t\t\t<section class=\"elementor-section elementor-top-section elementor-element elementor-element-1dd1e65 elementor-section-boxed elementor-section-height-default elementor-section-height-default\" data-id=\"1dd1e65\" data-element_type=\"section\" data-e-type=\"section\">\n\t\t\t\t\t\t<div class=\"elementor-container elementor-column-gap-default\">\n\t\t\t\t\t<div class=\"elementor-column elementor-col-100 elementor-top-column elementor-element elementor-element-6b462f9\" data-id=\"6b462f9\" data-element_type=\"column\" data-e-type=\"column\">\n\t\t\t<div class=\"elementor-widget-wrap elementor-element-populated\">\n\t\t\t\t\t\t<div class=\"elementor-element elementor-element-b543618 elementor-widget-laptop__width-initial elementor-widget elementor-widget-text-editor\" data-id=\"b543618\" data-element_type=\"widget\" data-e-type=\"widget\" data-widget_type=\"text-editor.default\">\n\t\t\t\t\t\t\t\t\t<h2 class=\"Almarena\">Pourquoi choisir Jardinico ?<\/h2>\n<p class=\"Indivisible\">Choisir un<a href=\"https:\/\/gervi.be\/fr\/product-categorie\/parasols-fr\/\" target=\"_blank\" rel=\"noopener\"> parasol Jardinico<\/a>, c&#8217;est choisir l&#8217;innovation, la qualit\u00e9 et le style. Ces parasols ne sont pas seulement un \u00e9l\u00e9ment fonctionnel de l&#8217;am\u00e9nagement de votre jardin, mais aussi un ajout esth\u00e9tique qui am\u00e9liore l&#8217;ambiance g\u00e9n\u00e9rale et le confort de votre vie en plein air. Avec un parasol Jardinico, vous investissez dans des ann\u00e9es d&#8217;\u00e9t\u00e9s confortables et dans une protection \u00e9l\u00e9gante contre le soleil, faisant de chaque jour d&#8217;\u00e9t\u00e9 une invitation \u00e0 profiter du plein air.<\/p>\n<p class=\"Indivisible\">\n<h2 class=\"Almarena\">Jardinico \u00e0 Gervi<\/h2>\n<p class=\"Indivisible\">Tous ces magnifiques parasols Jardinico peuvent \u00eatre admir\u00e9s dans nos salles d&#8217;exposition ext\u00e9rieures \u00e0 Gervi Maasmechelen et Gervi Hasselt. Visitez l&#8217;un de nos showrooms et d\u00e9couvrez la qualit\u00e9 et le confort de Jardinico. Nos experts se feront un plaisir de vous donner des conseils personnalis\u00e9s pour trouver le parasol qui convient \u00e0 votre espace ext\u00e9rieur, \u00e0 vos pr\u00e9f\u00e9rences en mati\u00e8re de style et \u00e0 votre budget.<\/p>\n\t\t\t\t\t\t\t\t<\/div>\n\t\t\t\t\t<\/div>\n\t\t<\/div>\n\t\t\t\t\t<\/div>\n\t\t<\/section>\n\t\t\t\t<\/div>\n\t\t","protected":false},"excerpt":{"rendered":"<p>Un r\u00eave d&#8217;\u00e9t\u00e9 avec les parasols Jardinico Lorsque le soleil est haut dans le ciel et que la chaleur s&#8217;installe dans les coins de votre jardin, les parasols Jardinico vous permettent d&#8217;\u00e9chapper \u00e0 la chaleur. Les parasols de cette marque belge renomm\u00e9e allient sans effort style et fonctionnalit\u00e9, transformant tout espace ext\u00e9rieur en une oasis [&hellip;]<\/p>\n","protected":false},"author":101,"featured_media":25814,"comment_status":"open","ping_status":"open","sticky":false,"template":"","format":"standard","meta":{"_acf_changed":false,"_uag_custom_page_level_css":"","site-sidebar-layout":"default","site-content-layout":"","ast-site-content-layout":"default","site-content-style":"default","site-sidebar-style":"default","ast-global-header-display":"","ast-banner-title-visibility":"","ast-main-header-display":"","ast-hfb-above-header-display":"","ast-hfb-below-header-display":"","ast-hfb-mobile-header-display":"","site-post-title":"","ast-breadcrumbs-content":"","ast-featured-img":"","footer-sml-layout":"","ast-disable-related-posts":"","theme-transparent-header-meta":"default","adv-header-id-meta":"","stick-header-meta":"","header-above-stick-meta":"","header-main-stick-meta":"","header-below-stick-meta":"","astra-migrate-meta-layouts":"set","ast-page-background-enabled":"default","ast-page-background-meta":{"desktop":{"background-color":"","background-image":"","background-repeat":"repeat","background-position":"center center","background-size":"auto","background-attachment":"scroll","background-type":"","background-media":"","overlay-type":"","overlay-color":"","overlay-opacity":"","overlay-gradient":""},"tablet":{"background-color":"","background-image":"","background-repeat":"repeat","background-position":"center center","background-size":"auto","background-attachment":"scroll","background-type":"","background-media":"","overlay-type":"","overlay-color":"","overlay-opacity":"","overlay-gradient":""},"mobile":{"background-color":"","background-image":"","background-repeat":"repeat","background-position":"center center","background-size":"auto","background-attachment":"scroll","background-type":"","background-media":"","overlay-type":"","overlay-color":"","overlay-opacity":"","overlay-gradient":""}},"ast-content-background-meta":{"desktop":{"background-color":"var(--ast-global-color-5)","background-image":"","background-repeat":"repeat","background-position":"center center","background-size":"auto","background-attachment":"scroll","background-type":"","background-media":"","overlay-type":"","overlay-color":"","overlay-opacity":"","overlay-gradient":""},"tablet":{"background-color":"var(--ast-global-color-5)","background-image":"","background-repeat":"repeat","background-position":"center center","background-size":"auto","background-attachment":"scroll","background-type":"","background-media":"","overlay-type":"","overlay-color":"","overlay-opacity":"","overlay-gradient":""},"mobile":{"background-color":"var(--ast-global-color-5)","background-image":"","background-repeat":"repeat","background-position":"center center","background-size":"auto","background-attachment":"scroll","background-type":"","background-media":"","overlay-type":"","overlay-color":"","overlay-opacity":"","overlay-gradient":""}},"footnotes":""},"categories":[630],"tags":[3622,3623,3621,3614,3624,3634,3633,3616,3611,2169,1182,3605,3604,1276,1274,3617,3583,3613,3618,3629,3625,3619,3612,3620,3609,3628,3627,3626,3630,3635,1275],"class_list":["post-25811","post","type-post","status-publish","format-standard","has-post-thumbnail","hentry","category-tuinmeubelen-fr","tag-accessoires-dete","tag-accessoires-de-jardin","tag-amenagement-exterieur","tag-auvent","tag-conception-de-la-terrasse","tag-confort-exterieur","tag-conseils-de-jardinage","tag-decoration-de-jardin","tag-espaces-exterieurs","tag-explorez-votre-style-de-vie","tag-gervi","tag-gervi-hasselt","tag-gervi-maasmechelen","tag-jardin","tag-meubles-de-jardin","tag-oasis-ombragee","tag-parasols","tag-parasols-a-mat-central","tag-parasols-belges","tag-parasols-de-luxe","tag-parasols-durables","tag-parasols-elegants","tag-parasols-flottants","tag-parasols-fonctionnels","tag-parasols-jardinico","tag-parasols-reglables","tag-resistant-aux-intemperies","tag-resistant-aux-uv","tag-salles-dexposition-exterieures","tag-solutions-pour-lombre","tag-terrasse"],"acf":[],"uagb_featured_image_src":{"full":["https:\/\/gervi.be\/wp-content\/uploads\/2024\/07\/Gervi-Jardinico-parasol-Tuinset.jpg",1920,1080,false],"thumbnail":["https:\/\/gervi.be\/wp-content\/uploads\/2024\/07\/Gervi-Jardinico-parasol-Tuinset-150x150.jpg",150,150,true],"medium":["https:\/\/gervi.be\/wp-content\/uploads\/2024\/07\/Gervi-Jardinico-parasol-Tuinset-300x169.jpg",300,169,true],"medium_large":["https:\/\/gervi.be\/wp-content\/uploads\/2024\/07\/Gervi-Jardinico-parasol-Tuinset-768x432.jpg",768,432,true],"large":["https:\/\/gervi.be\/wp-content\/uploads\/2024\/07\/Gervi-Jardinico-parasol-Tuinset-1024x576.jpg",1024,576,true],"1536x1536":["https:\/\/gervi.be\/wp-content\/uploads\/2024\/07\/Gervi-Jardinico-parasol-Tuinset-1536x864.jpg",1536,864,true],"2048x2048":["https:\/\/gervi.be\/wp-content\/uploads\/2024\/07\/Gervi-Jardinico-parasol-Tuinset.jpg",1920,1080,false],"woocommerce_thumbnail":["https:\/\/gervi.be\/wp-content\/uploads\/2024\/07\/Gervi-Jardinico-parasol-Tuinset.jpg",1920,1080,false],"woocommerce_single":["https:\/\/gervi.be\/wp-content\/uploads\/2024\/07\/Gervi-Jardinico-parasol-Tuinset.jpg",1920,1080,false],"woocommerce_gallery_thumbnail":["https:\/\/gervi.be\/wp-content\/uploads\/2024\/07\/Gervi-Jardinico-parasol-Tuinset-100x100.jpg",100,100,true],"dgwt-wcas-product-suggestion":["https:\/\/gervi.be\/wp-content\/uploads\/2024\/07\/Gervi-Jardinico-parasol-Tuinset.jpg",64,36,false]},"uagb_author_info":{"display_name":"Seppe Vandecruys","author_link":"https:\/\/gervi.be\/fr\/author\/seppe-vandecruys\/"},"uagb_comment_info":0,"uagb_excerpt":"Un r\u00eave d&#8217;\u00e9t\u00e9 avec les parasols Jardinico Lorsque le soleil est haut dans le ciel et que la chaleur s&#8217;installe dans les coins de votre jardin, les parasols Jardinico vous permettent d&#8217;\u00e9chapper \u00e0 la chaleur. Les parasols de cette marque belge renomm\u00e9e allient sans effort style et fonctionnalit\u00e9, transformant tout espace ext\u00e9rieur en une oasis\u2026","_links":{"self":[{"href":"https:\/\/gervi.be\/fr\/wp-json\/wp\/v2\/posts\/25811","targetHints":{"allow":["GET"]}}],"collection":[{"href":"https:\/\/gervi.be\/fr\/wp-json\/wp\/v2\/posts"}],"about":[{"href":"https:\/\/gervi.be\/fr\/wp-json\/wp\/v2\/types\/post"}],"author":[{"embeddable":true,"href":"https:\/\/gervi.be\/fr\/wp-json\/wp\/v2\/users\/101"}],"replies":[{"embeddable":true,"href":"https:\/\/gervi.be\/fr\/wp-json\/wp\/v2\/comments?post=25811"}],"version-history":[{"count":0,"href":"https:\/\/gervi.be\/fr\/wp-json\/wp\/v2\/posts\/25811\/revisions"}],"wp:featuredmedia":[{"embeddable":true,"href":"https:\/\/gervi.be\/fr\/wp-json\/wp\/v2\/media\/25814"}],"wp:attachment":[{"href":"https:\/\/gervi.be\/fr\/wp-json\/wp\/v2\/media?parent=25811"}],"wp:term":[{"taxonomy":"category","embeddable":true,"href":"https:\/\/gervi.be\/fr\/wp-json\/wp\/v2\/categories?post=25811"},{"taxonomy":"post_tag","embeddable":true,"href":"https:\/\/gervi.be\/fr\/wp-json\/wp\/v2\/tags?post=25811"}],"curies":[{"name":"wp","href":"https:\/\/api.w.org\/{rel}","templated":true}]}}